{"id":3297,"date":"2024-02-15T10:13:05","date_gmt":"2024-02-15T08:13:05","guid":{"rendered":"https:\/\/www.jewekeskus.ee\/bez-kategorii\/jewe-keskuse-lahtiolek-24-veebruaril\/"},"modified":"2024-12-20T09:18:47","modified_gmt":"2024-12-20T07:18:47","slug":"jewe-keskuse-lahtiolek-24-veebruaril","status":"publish","type":"post","link":"https:\/\/www.jewekeskus.ee\/ru\/bez-kategorii\/jewe-keskuse-lahtiolek-24-veebruaril\/","title":{"rendered":"Jewe Keskuse lahtiolek riiklikel p\u00fchadel 2024. aastal"},"content":{"rendered":"\n<figure class=\"wp-block-table\"><table><tbody><tr><td>L 24. veebruar 2024 <a href=\"https:\/\/xn--riigiphad-v9a.ee\/et\/iseseisvusp%C3%A4ev%2C+eesti+vabariigi+aastap%C3%A4ev\" rel=\"nofollow noopener\" target=\"_blank\">Iseseisvusp\u00e4ev, Eesti Vabariigi aastap\u00e4ev<\/a><\/td><td>Selver 9-21 <br>Jewe Keskus Suletud <\/td><\/tr><tr><td>R 29. m\u00e4rts 2024 <a href=\"https:\/\/xn--riigiphad-v9a.ee\/et\/suur+reede\" rel=\"nofollow noopener\" target=\"_blank\">Suur reede<\/a><\/td><td>Selver 9-22 <br>Jewe Keskus Avatud 09.00-19.00 <\/td><\/tr><tr><td>P 31. m\u00e4rts 2024 <a href=\"https:\/\/xn--riigiphad-v9a.ee\/et\/%C3%BClest%C3%B5usmisp%C3%BChade+1.+p%C3%BCha\" rel=\"nofollow noopener\" target=\"_blank\">\u00dclest\u00f5usmisp\u00fchade 1. p\u00fcha<\/a><\/td><td>Selver 9-22 <br>Jewe Keskus Avatud 09.00-16.00 <\/td><\/tr><tr><td>K 01. mai 2024 <a href=\"https:\/\/xn--riigiphad-v9a.ee\/et\/kevadp%C3%BCha\" rel=\"nofollow noopener\" target=\"_blank\">Kevadp\u00fcha<\/a><\/td><td>Selver 9-22 <br>Jewe Keskus Suletud <\/td><\/tr><tr><td>P 19. mai 2024 <a href=\"https:\/\/xn--riigiphad-v9a.ee\/et\/nelip%C3%BChade+1.+p%C3%BCha\" rel=\"nofollow noopener\" target=\"_blank\">Nelip\u00fchade 1. p\u00fcha<\/a><\/td><td>Selver <br>Jewe Keskus Avatud 09.00-16.00<\/td><\/tr><tr><td>P 23. juuni 2024 <a href=\"https:\/\/xn--riigiphad-v9a.ee\/et\/v%C3%B5idup%C3%BCha\" rel=\"nofollow noopener\" target=\"_blank\">V\u00f5idup\u00fcha<\/a><\/td><td>Selver 9-22 <br>Jewe Keskus Suletud <\/td><\/tr><tr><td>E 24. juuni 2024 <a href=\"https:\/\/xn--riigiphad-v9a.ee\/et\/jaanip%C3%A4ev\" rel=\"nofollow noopener\" target=\"_blank\">Jaanip\u00e4ev<\/a><\/td><td>Selver 11-22 <br>Jewe Keskus Suletud<\/td><\/tr><tr><td>T 20. august 2024 <a href=\"https:\/\/xn--riigiphad-v9a.ee\/et\/taasiseseisvumisp%C3%A4ev\" rel=\"nofollow noopener\" target=\"_blank\">Taasiseseisvumisp\u00e4ev<\/a><\/td><td>Selver 9-22<br>Jewe Keskus Suletud <\/td><\/tr><tr><td>T 24. detsember 2024 <a href=\"https:\/\/xn--riigiphad-v9a.ee\/et\/j%C3%B5ululaup%C3%A4ev\" rel=\"nofollow noopener\" target=\"_blank\">J\u00f5ululaup\u00e4ev<\/a><\/td><td>Selver 9-19<br>Jewe Keskus Avatud \u00a0kuni 16.00<\/td><\/tr><tr><td>K 25. detsember 2024 <a href=\"https:\/\/xn--riigiphad-v9a.ee\/et\/esimene+j%C3%B5ulup%C3%BCha\" rel=\"nofollow noopener\" target=\"_blank\">Esimene j\u00f5ulup\u00fcha<\/a><\/td><td>Selver  10-22<br>Jewe Keskus Suletud <\/td><\/tr><tr><td>N 26. detsember 2024 <a href=\"https:\/\/xn--riigiphad-v9a.ee\/et\/teine+j%C3%B5ulup%C3%BCha\" rel=\"nofollow noopener\" target=\"_blank\">Teine j\u00f5ulup\u00fcha<\/a><\/td><td>Selver 10-22<br>Jewe Keskus Suletud<\/td><\/tr><tr><td>T 31. detsember 2024 &nbsp;<\/td><td>Selver 8-20<br>Jewe Keskus Avatud \u00a0kuni 16.00<\/td><\/tr><tr><td>K 01. Jaanuar 2025 &nbsp;<\/td><td>Selver 12-22<br>Jewe Keskus Suletud <\/td><\/tr><\/tbody><\/table><\/figure>\n\n\n\n<p class=\"wp-el\"><br><\/p>\n\n\n\n<figure class=\"wp-block-image size-full\"><img loading=\"lazy\" decoding=\"async\" width=\"940\" height=\"788\" src=\"https:\/\/www.jewekeskus.ee\/wp-content\/uploads\/2024\/02\/untitled-design.png\" alt=\"\" class=\"wp-image-3144\" srcset=\"https:\/\/www.jewekeskus.ee\/wp-content\/uploads\/2024\/02\/untitled-design.png 940w, https:\/\/www.jewekeskus.ee\/wp-content\/uploads\/2024\/02\/untitled-design-124x104.png 124w\" sizes=\"auto, (max-width: 940px) 100vw, 940px\" \/><\/figure>\n","protected":false},"excerpt":{"rendered":"<p>L 24. veebruar 2024 Iseseisvusp\u00e4ev, Eesti Vabariigi aastap\u00e4ev Selver 9-21 Jewe Keskus Suletud R 29. m\u00e4rts 2024 Suur reede Selver&#8230;<\/p>\n","protected":false},"author":1,"featured_media":3146,"comment_status":"closed","ping_status":"closed","sticky":false,"template":"","format":"standard","meta":{"_acf_changed":false,"inline_featured_image":false,"footnotes":""},"categories":[24],"class_list":["post-3297","post","type-post","status-publish","format-standard","has-post-thumbnail","hentry","category-bez-kategorii"],"acf":[],"_links":{"self":[{"href":"https:\/\/www.jewekeskus.ee\/ru\/wp-json\/wp\/v2\/posts\/3297","targetHints":{"allow":["GET"]}}],"collection":[{"href":"https:\/\/www.jewekeskus.ee\/ru\/wp-json\/wp\/v2\/posts"}],"about":[{"href":"https:\/\/www.jewekeskus.ee\/ru\/wp-json\/wp\/v2\/types\/post"}],"author":[{"embeddable":true,"href":"https:\/\/www.jewekeskus.ee\/ru\/wp-json\/wp\/v2\/users\/1"}],"replies":[{"embeddable":true,"href":"https:\/\/www.jewekeskus.ee\/ru\/wp-json\/wp\/v2\/comments?post=3297"}],"version-history":[{"count":1,"href":"https:\/\/www.jewekeskus.ee\/ru\/wp-json\/wp\/v2\/posts\/3297\/revisions"}],"predecessor-version":[{"id":3651,"href":"https:\/\/www.jewekeskus.ee\/ru\/wp-json\/wp\/v2\/posts\/3297\/revisions\/3651"}],"wp:featuredmedia":[{"embeddable":true,"href":"https:\/\/www.jewekeskus.ee\/ru\/wp-json\/wp\/v2\/media\/3146"}],"wp:attachment":[{"href":"https:\/\/www.jewekeskus.ee\/ru\/wp-json\/wp\/v2\/media?parent=3297"}],"wp:term":[{"taxonomy":"category","embeddable":true,"href":"https:\/\/www.jewekeskus.ee\/ru\/wp-json\/wp\/v2\/categories?post=3297"}],"curies":[{"name":"wp","href":"https:\/\/api.w.org\/{rel}","templated":true}]}}